{"id":17295,"date":"2025-09-18T13:53:24","date_gmt":"2025-09-18T19:53:24","guid":{"rendered":"https:\/\/cataloniacomics.com\/?p=17295"},"modified":"2025-10-16T14:33:59","modified_gmt":"2025-10-16T20:33:59","slug":"batman-day-2025-el-caballero-oscuro-toma-el-mundo-y-nuestra-libreria","status":"publish","type":"post","link":"https:\/\/cataloniacomics.com\/?p=17295","title":{"rendered":"Batman Day 2025: El Caballero Oscuro toma el mundo y nuestra librer\u00eda"},"content":{"rendered":"<figure class=\"wp-block-image size-full\"><img fetchpriority=\"high\" decoding=\"async\" width=\"820\" height=\"312\" src=\"https:\/\/cataloniacomics.com\/wp-content\/uploads\/2025\/09\/batman-day-2025.webp\" alt=\"\" class=\"wp-image-17296\" srcset=\"https:\/\/cataloniacomics.com\/wp-content\/uploads\/2025\/09\/batman-day-2025.webp 820w, https:\/\/cataloniacomics.com\/wp-content\/uploads\/2025\/09\/batman-day-2025-300x114.webp 300w, https:\/\/cataloniacomics.com\/wp-content\/uploads\/2025\/09\/batman-day-2025-768x292.webp 768w, https:\/\/cataloniacomics.com\/wp-content\/uploads\/2025\/09\/batman-day-2025-600x228.webp 600w, https:\/\/cataloniacomics.com\/wp-content\/uploads\/2025\/09\/batman-day-2025-90x34.webp 90w\" sizes=\"(max-width: 820px) 100vw, 820px\" \/><\/figure><p class=\"wp-block-paragraph\">Cada septiembre, el murci\u00e9lago m\u00e1s famoso del planeta enciende la se\u00f1al en el cielo para recordarnos que la noche tambi\u00e9n puede ser un s\u00edmbolo de justicia. El\u00a0<strong>Batman Day<\/strong>\u00a0ya es una tradici\u00f3n mundial, y en este 2025 llega con actividades, c\u00f3mics gratuitos y celebraciones en distintas ciudades.<\/p><p class=\"wp-block-paragraph\">Pero\u2026 \u00bfqu\u00e9 significa realmente este d\u00eda para los fans?<br>M\u00e1s all\u00e1 de las portadas exclusivas o los lanzamientos especiales, el Batman Day es&nbsp;<strong>una fiesta global de comunidad<\/strong>: gente de todos los rincones comparte su pasi\u00f3n por el Caballero de la Noche, desde maratones de pel\u00edculas hasta lecturas colectivas de c\u00f3mics.<\/p><p class=\"wp-block-paragraph\">En la&nbsp;<strong>CDMX<\/strong>, por ejemplo, hay actividades especiales, proyecciones y c\u00f3mics gratuitos. Pero en realidad, lo importante es que&nbsp;<em>cada librer\u00eda y cada lector se convierte en parte de Gotham por un d\u00eda<\/em>.<\/p><h2 class=\"wp-block-heading\">\u00bfQu\u00e9 actividades habr\u00e1 en el Batman Day 2025?<\/h2><p class=\"wp-block-paragraph\">El\u00a0<strong>Caballero de la Noche<\/strong>\u00a0estar\u00e1 de fiesta este pr\u00f3ximo 20 de septiembre con la\u00a0<strong>celebraci\u00f3n del &#8216;Batman Day 2025&#8217;<\/strong>, y los fans en\u00a0<strong>CDMX\u00a0<\/strong>no se quedar\u00e1n fuera, pues se han\u00a0<strong>anunciado varias actividades<\/strong>\u00a0para festejar a uno de los superh\u00e9roes m\u00e1s queridos.<\/p><h3 class=\"wp-block-heading\">Proyecci\u00f3n de la trilog\u00eda de Nolan<\/h3><p class=\"wp-block-paragraph\">El&nbsp;<strong>19 de septiembre<\/strong>, en el auditorio &#8216;Ing. Alejo Peralta&#8217; del Centro Cultural Jaime Torres Bodet, del IPN,&nbsp;<strong>a partir de las 12:00 horas<\/strong>, se har\u00e1 un&nbsp;<strong>marat\u00f3n especial<\/strong>&nbsp;con la trilog\u00eda de Christopher Nolan:&nbsp;<em>&#8216;Batman Inicia&#8217;,&nbsp;<strong>&#8216;El Caballero de la Noche&#8217;<\/strong><\/em>&nbsp;y&nbsp;<em>&#8216;El Caballero de la Noche Asciende&#8217;.<\/em><\/p><h3 class=\"wp-block-heading\">Encendido de la &#8216;Bati-se\u00f1al&#8217;<\/h3><p class=\"wp-block-paragraph\">El&nbsp;<strong>20 de septiembre<\/strong>, como parte de la celebraci\u00f3n del Liverpool Gaming Fest 2025, se har\u00e1 el&nbsp;<strong>encendido de la &#8216;Bati-se\u00f1al&#8217;&nbsp;<\/strong>sobre la fachada de la Expo Banamex (Av.&nbsp;del Conscripto, Lomas de Sotelo) a las 20:00 horas. La&nbsp;<strong>entrada es con registro<\/strong>&nbsp;previo (<a href=\"https:\/\/www.liverpool.com.mx\/tienda\/paginas\/gaming-fest\" target=\"_blank\" rel=\"noreferrer noopener\"><strong>aqu\u00ed el enlace<\/strong><\/a>).<\/p><h3 class=\"wp-block-heading\">En Catalonia Comics lo vivimos as\u00ed:<\/h3><p class=\"wp-block-paragraph\">Aunque no estemos en CDMX, en Catalonia Comics la baticueva se abre con  nuestras ediciones m\u00e1s queridas del Hombre Murci\u00e9lago:<\/p><ul class=\"wp-block-list\"><li>Tenemos  <strong><a href=\"https:\/\/cataloniacomics.com\/?orderby=date&amp;paged=1&amp;product_cat&amp;s=BATMAN&amp;post_type=product&amp;shop_view=grid_view\">recomendaciones<\/a><\/strong> para que tanto novatos como expertos encuentren la historia perfecta de Batman.<\/li>\n\n<li>Organizamos din\u00e1micas para que nuestra comunidad comparta su pasi\u00f3n.<\/li>\n\n<li>Invitamos a nuestra comunidad a tomarse un \u201cbati-selfie\u201d con su c\u00f3mic favorito.<\/li><\/ul><p class=\"wp-block-paragraph\">Porque al final, como decimos en Catalunya:&nbsp;<em>\u201cLes petites coses fan gran la festa\u201d<\/em>&nbsp;\u2014 son los detalles los que hacen grande la celebraci\u00f3n.<\/p><h3 class=\"wp-block-heading\">\u00bfPor qu\u00e9 nos atrapa tanto Batman?<\/h3><p class=\"wp-block-paragraph\">Quiz\u00e1 porque no tiene superpoderes, sino cicatrices. Porque representa la lucha constante contra nuestros propios miedos. O porque, admit\u00e1moslo, \u00a1nunca pasa de moda ver al Joker haciendo de las suyas!<\/p><p class=\"wp-block-paragraph\">Este s\u00e1bado, ya lo sabes:<br><img decoding=\"async\" alt=\"\ud83d\udcd6\" src=\"https:\/\/fonts.gstatic.com\/s\/e\/notoemoji\/16.0\/1f4d6\/32.png\">&nbsp;Lee un c\u00f3mic de Batman.<br><img decoding=\"async\" alt=\"\ud83d\udcf8\" src=\"https:\/\/fonts.gstatic.com\/s\/e\/notoemoji\/16.0\/1f4f8\/32.png\">&nbsp;S\u00fabelo con orgullo.<br><img decoding=\"async\" alt=\"\ud83e\udd87\" src=\"https:\/\/fonts.gstatic.com\/s\/e\/notoemoji\/16.0\/1f987\/32.png\">&nbsp;Y \u00fanete a la celebraci\u00f3n mundial del Caballero Oscuro.<\/p><p class=\"wp-block-paragraph\"><\/p>","protected":false},"excerpt":{"rendered":"<p>Cada septiembre, el murci\u00e9lago m\u00e1s famoso del planeta enciende la se\u00f1al en el cielo para recordarnos que la noche tambi\u00e9n puede ser un s\u00edmbolo de justicia. El\u00a0Batman Day\u00a0ya es una tradici\u00f3n mundial, y en este 2025 llega con actividades, c\u00f3mics gratuitos y celebraciones en distintas ciudades. Pero\u2026 \u00bfqu\u00e9 significa realmente este d\u00eda para los fans?M\u00e1s<\/p>\n<div class=\"klb-readmore entry-button\"><a class=\"btn read-more\" href=\"https:\/\/cataloniacomics.com\/?p=17295\">Leer m\u00e1s<\/a><\/div>\n","protected":false},"author":1,"featured_media":17298,"comment_status":"closed","ping_status":"closed","sticky":false,"template":"","format":"standard","meta":{"footnotes":""},"categories":[1],"tags":[422],"class_list":["post-17295","post","type-post","status-publish","format-standard","has-post-thumbnail","hentry","category-noti","tag-eventos"],"_links":{"self":[{"href":"https:\/\/cataloniacomics.com\/index.php?rest_route=\/wp\/v2\/posts\/17295","targetHints":{"allow":["GET"]}}],"collection":[{"href":"https:\/\/cataloniacomics.com\/index.php?rest_route=\/wp\/v2\/posts"}],"about":[{"href":"https:\/\/cataloniacomics.com\/index.php?rest_route=\/wp\/v2\/types\/post"}],"author":[{"embeddable":true,"href":"https:\/\/cataloniacomics.com\/index.php?rest_route=\/wp\/v2\/users\/1"}],"replies":[{"embeddable":true,"href":"https:\/\/cataloniacomics.com\/index.php?rest_route=%2Fwp%2Fv2%2Fcomments&post=17295"}],"version-history":[{"count":0,"href":"https:\/\/cataloniacomics.com\/index.php?rest_route=\/wp\/v2\/posts\/17295\/revisions"}],"wp:featuredmedia":[{"embeddable":true,"href":"https:\/\/cataloniacomics.com\/index.php?rest_route=\/wp\/v2\/media\/17298"}],"wp:attachment":[{"href":"https:\/\/cataloniacomics.com\/index.php?rest_route=%2Fwp%2Fv2%2Fmedia&parent=17295"}],"wp:term":[{"taxonomy":"category","embeddable":true,"href":"https:\/\/cataloniacomics.com\/index.php?rest_route=%2Fwp%2Fv2%2Fcategories&post=17295"},{"taxonomy":"post_tag","embeddable":true,"href":"https:\/\/cataloniacomics.com\/index.php?rest_route=%2Fwp%2Fv2%2Ftags&post=17295"}],"curies":[{"name":"wp","href":"https:\/\/api.w.org\/{rel}","templated":true}]}}