{"id":16428,"date":"2025-08-04T15:33:04","date_gmt":"2025-08-04T21:33:04","guid":{"rendered":"https:\/\/cataloniacomics.com\/?p=16428"},"modified":"2025-10-16T14:34:32","modified_gmt":"2025-10-16T20:34:32","slug":"que-vamos-a-leer-este-verano","status":"publish","type":"post","link":"https:\/\/cataloniacomics.com\/?p=16428","title":{"rendered":"\u00bfQu\u00e9 vamos a leer este Verano?"},"content":{"rendered":"<p class=\"wp-block-paragraph\">Ya llegaron las chanclas, el calor, los mangos y los d\u00edas largos. Y si no te vas a la playa (o s\u00ed, pero te gusta estar bajo la sombra), te traemos una selecci\u00f3n de novelas gr\u00e1ficas para acompa\u00f1arte este verano. Historias que se disfrutan con calma, que te atrapan, que se leen con un vaso fr\u00edo al lado.<br>Nada de prisas. Solo t\u00fa y una buena lectura.<\/p><figure class=\"wp-block-image size-full\"><img fetchpriority=\"high\" decoding=\"async\" width=\"940\" height=\"788\" src=\"https:\/\/cataloniacomics.com\/wp-content\/uploads\/2025\/08\/1.png\" alt=\"\" class=\"wp-image-16429\" srcset=\"https:\/\/cataloniacomics.com\/wp-content\/uploads\/2025\/08\/1.png 940w, https:\/\/cataloniacomics.com\/wp-content\/uploads\/2025\/08\/1-300x251.png 300w, https:\/\/cataloniacomics.com\/wp-content\/uploads\/2025\/08\/1-768x644.png 768w, https:\/\/cataloniacomics.com\/wp-content\/uploads\/2025\/08\/1-600x503.png 600w, https:\/\/cataloniacomics.com\/wp-content\/uploads\/2025\/08\/1-64x54.png 64w\" sizes=\"(max-width: 940px) 100vw, 940px\" \/><\/figure><p class=\"wp-block-paragraph\"><strong><em><a href=\"https:\/\/cataloniacomics.com\/producto\/vacaciones-de-ensueno\/\">Vacaciones de ensue\u00f1o<\/a><\/em><\/strong> \u2014 Norma Editorial<br>Lo que parece un viaje id\u00edlico se convierte en una cr\u00edtica deliciosa al turismo moderno. Una historia con iron\u00eda y elegancia, perfecta para leer junto a la alberca (o el ventilador).<\/p><p class=\"wp-block-paragraph\"><strong><em><a href=\"https:\/\/cataloniacomics.com\/wp-admin\/post.php?post=16428&amp;action=edit\">Un verano insolente<\/a><\/em><\/strong> \u2014 Astiberri<br>Una historia ambientada en el M\u00e9xico de los a\u00f1os veinte, con personajes reales como Tina Modotti y Edward Weston. Arte, revoluci\u00f3n, deseo y fotograf\u00eda se mezclan en una novela gr\u00e1fica tan intensa como un atardecer en verano.<\/p><figure class=\"wp-block-image size-full\"><img decoding=\"async\" width=\"940\" height=\"788\" src=\"https:\/\/cataloniacomics.com\/wp-content\/uploads\/2025\/08\/5-1.png\" alt=\"\" class=\"wp-image-16434\" srcset=\"https:\/\/cataloniacomics.com\/wp-content\/uploads\/2025\/08\/5-1.png 940w, https:\/\/cataloniacomics.com\/wp-content\/uploads\/2025\/08\/5-1-300x251.png 300w, https:\/\/cataloniacomics.com\/wp-content\/uploads\/2025\/08\/5-1-768x644.png 768w, https:\/\/cataloniacomics.com\/wp-content\/uploads\/2025\/08\/5-1-600x503.png 600w, https:\/\/cataloniacomics.com\/wp-content\/uploads\/2025\/08\/5-1-64x54.png 64w\" sizes=\"(max-width: 940px) 100vw, 940px\" \/><\/figure><p class=\"wp-block-paragraph\"><strong><em><a href=\"https:\/\/cataloniacomics.com\/producto\/un-tributo-a-la-tierra\/\">Un tributo a la tierra<\/a><\/em><\/strong> \u2014 Reservoir Books<br>Joe Sacco viaja al norte de Canad\u00e1 para documentar con su estilo \u00fanico la lucha de comunidades ind\u00edgenas ante la explotaci\u00f3n de sus territorios. Una lectura potente, pausada y profundamente humana. Ideal para lectores que no le temen a historias que dejan huella.<\/p><p class=\"wp-block-paragraph\"><a href=\"https:\/\/cataloniacomics.com\/producto\/verano-indio\/\"><strong><em>Verano indio<\/em><\/strong> <\/a>\u2014 Norma Editorial<br>Erotismo, tensi\u00f3n y cr\u00edtica social en una obra maestra de Pratt y Manara. No es ligera, pero s\u00ed irresistible. Como ese calor que no se va y no quieres que se vaya.<\/p><p class=\"wp-block-paragraph\"><a href=\"https:\/\/cataloniacomics.com\/producto\/el-metodo-de-los-moninos-una-receta-para-tender-la-cama\/\"><strong><em>El m\u00e9todo de los moninos<\/em><\/strong> <\/a>\u2014 Izdeni y Horax<br>Un libro ilustrado para peques (y adultos con alma de monino). Alegre, juguet\u00f3n y lleno de ritmo. Ideal para leer en voz alta, tender la cama bailando y re\u00edr sin raz\u00f3n. Perfecto para d\u00edas de vacaciones y carcajadas compartidas.<\/p><p class=\"wp-block-paragraph\"><strong><em><a href=\"https:\/\/cataloniacomics.com\/producto\/querida-liga-de-la-justicia\/\">Querida Liga de la Justicia<\/a><\/em><\/strong> \u2014 DC Comics \/ Ovni Press<br>Una novela gr\u00e1fica tierna, divertida y llena de encanto. La Liga responde preguntas reales de ni\u00f1@s fans: \u00bfFlash llega tarde? \u00bfWonder Woman se enoja? Con mucho humor y calidez, esta historia celebra que ser h\u00e9roe tambi\u00e9n es equivocarse. Para compartir en familia o disfrutar con nostalgia.<\/p><div class=\"wp-block-group\"><div class=\"wp-block-group__inner-container is-layout-constrained wp-block-group-is-layout-constrained\"><figure class=\"wp-block-gallery has-nested-images columns-default is-cropped wp-block-gallery-1 is-layout-flex wp-block-gallery-is-layout-flex\"><figure class=\"wp-block-image size-large\"><img decoding=\"async\" width=\"940\" height=\"788\" data-id=\"16431\" src=\"https:\/\/cataloniacomics.com\/wp-content\/uploads\/2025\/08\/2.png\" alt=\"\" class=\"wp-image-16431\" srcset=\"https:\/\/cataloniacomics.com\/wp-content\/uploads\/2025\/08\/2.png 940w, https:\/\/cataloniacomics.com\/wp-content\/uploads\/2025\/08\/2-300x251.png 300w, https:\/\/cataloniacomics.com\/wp-content\/uploads\/2025\/08\/2-768x644.png 768w, https:\/\/cataloniacomics.com\/wp-content\/uploads\/2025\/08\/2-600x503.png 600w, https:\/\/cataloniacomics.com\/wp-content\/uploads\/2025\/08\/2-64x54.png 64w\" sizes=\"(max-width: 940px) 100vw, 940px\" \/><\/figure>\n\n<figure class=\"wp-block-image size-large\"><img loading=\"lazy\" decoding=\"async\" width=\"940\" height=\"788\" data-id=\"16430\" src=\"https:\/\/cataloniacomics.com\/wp-content\/uploads\/2025\/08\/3.png\" alt=\"\" class=\"wp-image-16430\" srcset=\"https:\/\/cataloniacomics.com\/wp-content\/uploads\/2025\/08\/3.png 940w, https:\/\/cataloniacomics.com\/wp-content\/uploads\/2025\/08\/3-300x251.png 300w, https:\/\/cataloniacomics.com\/wp-content\/uploads\/2025\/08\/3-768x644.png 768w, https:\/\/cataloniacomics.com\/wp-content\/uploads\/2025\/08\/3-600x503.png 600w, https:\/\/cataloniacomics.com\/wp-content\/uploads\/2025\/08\/3-64x54.png 64w\" sizes=\"(max-width: 940px) 100vw, 940px\" \/><\/figure><\/figure><\/div><\/div><p class=\"wp-block-paragraph\"> <a href=\"https:\/\/cataloniacomics.com\/producto\/daytripper\/\"><strong><em>Daytripper<\/em><\/strong> <\/a>\u2014 DC Black Label<br>Un viaje por las peque\u00f1as cosas que hacen la vida grande. Emotiva, reflexiva y perfecta para leer bajo el cielo abierto. De esos libros que se quedan contigo.<\/p><p class=\"wp-block-paragraph\"><a href=\"https:\/\/cataloniacomics.com\/producto\/paul-en-el-norte\/\"><strong><em>Paul en el norte<\/em><\/strong> <\/a>\u2014 Astiberri<br>Un verano de m\u00fasica, amistad y decisiones adolescentes. Si alguna vez tuviste un verano que te defini\u00f3, este c\u00f3mic va a hacerte sonre\u00edr (y quiz\u00e1 soltar una lagrimita).<\/p><figure class=\"wp-block-image size-full\"><img loading=\"lazy\" decoding=\"async\" width=\"940\" height=\"788\" src=\"http:\/\/cataloniacomics.com\/wp-content\/uploads\/2025\/08\/4.png\" alt=\"\" class=\"wp-image-16432\" srcset=\"https:\/\/cataloniacomics.com\/wp-content\/uploads\/2025\/08\/4.png 940w, https:\/\/cataloniacomics.com\/wp-content\/uploads\/2025\/08\/4-300x251.png 300w, https:\/\/cataloniacomics.com\/wp-content\/uploads\/2025\/08\/4-768x644.png 768w, https:\/\/cataloniacomics.com\/wp-content\/uploads\/2025\/08\/4-600x503.png 600w, https:\/\/cataloniacomics.com\/wp-content\/uploads\/2025\/08\/4-64x54.png 64w\" sizes=\"(max-width: 940px) 100vw, 940px\" \/><\/figure><p class=\"wp-block-paragraph\">Todos disponibles en <a href=\"https:\/\/maps.app.goo.gl\/vL1D9awfAWXQLQyJ8\">Catalonia Comics<\/a> y aqu\u00ed en nuestra web.<br>Con env\u00edo especial a todo M\u00e9xico, y un peque\u00f1o detallito extra solo por verano.<\/p><p class=\"wp-block-paragraph\">Porque leer tambi\u00e9n es una forma de viajar.<br>\u00a1Buen verano y buenas lecturas!<\/p><p class=\"wp-block-paragraph\"><\/p>","protected":false},"excerpt":{"rendered":"<p>Ya llegaron las chanclas, el calor, los mangos y los d\u00edas largos. Y si no te vas a la playa (o s\u00ed, pero te gusta estar bajo la sombra), te traemos una selecci\u00f3n de novelas gr\u00e1ficas para acompa\u00f1arte este verano. Historias que se disfrutan con calma, que te atrapan, que se leen con un vaso<\/p>\n<div class=\"klb-readmore entry-button\"><a class=\"btn read-more\" href=\"https:\/\/cataloniacomics.com\/?p=16428\">Leer m\u00e1s<\/a><\/div>\n","protected":false},"author":1,"featured_media":0,"comment_status":"closed","ping_status":"closed","sticky":false,"template":"","format":"standard","meta":{"footnotes":""},"categories":[1],"tags":[440],"class_list":["post-16428","post","type-post","status-publish","format-standard","hentry","category-noti","tag-recomendaciones"],"_links":{"self":[{"href":"https:\/\/cataloniacomics.com\/index.php?rest_route=\/wp\/v2\/posts\/16428","targetHints":{"allow":["GET"]}}],"collection":[{"href":"https:\/\/cataloniacomics.com\/index.php?rest_route=\/wp\/v2\/posts"}],"about":[{"href":"https:\/\/cataloniacomics.com\/index.php?rest_route=\/wp\/v2\/types\/post"}],"author":[{"embeddable":true,"href":"https:\/\/cataloniacomics.com\/index.php?rest_route=\/wp\/v2\/users\/1"}],"replies":[{"embeddable":true,"href":"https:\/\/cataloniacomics.com\/index.php?rest_route=%2Fwp%2Fv2%2Fcomments&post=16428"}],"version-history":[{"count":0,"href":"https:\/\/cataloniacomics.com\/index.php?rest_route=\/wp\/v2\/posts\/16428\/revisions"}],"wp:attachment":[{"href":"https:\/\/cataloniacomics.com\/index.php?rest_route=%2Fwp%2Fv2%2Fmedia&parent=16428"}],"wp:term":[{"taxonomy":"category","embeddable":true,"href":"https:\/\/cataloniacomics.com\/index.php?rest_route=%2Fwp%2Fv2%2Fcategories&post=16428"},{"taxonomy":"post_tag","embeddable":true,"href":"https:\/\/cataloniacomics.com\/index.php?rest_route=%2Fwp%2Fv2%2Ftags&post=16428"}],"curies":[{"name":"wp","href":"https:\/\/api.w.org\/{rel}","templated":true}]}}