{"id":15906,"date":"2025-06-19T14:31:52","date_gmt":"2025-06-19T20:31:52","guid":{"rendered":"https:\/\/cataloniacomics.com\/?p=15906"},"modified":"2025-07-01T11:53:52","modified_gmt":"2025-07-01T17:53:52","slug":"filsma-feria-internacional-del-libro-de-san-miguel-de-allende","status":"publish","type":"post","link":"https:\/\/cataloniacomics.com\/?p=15906","title":{"rendered":"FILSMA. Feria Internacional del Libro de San Miguel de Allende"},"content":{"rendered":"<p class=\"wp-block-paragraph\">La Feria Internacional del Libro de San Miguel de Allende se llevo acabo del 2  al 8 de junio del 2025 dentro de las instalaciones de el <strong><a href=\"https:\/\/g.co\/kgs\/XzwXD83\">Centro Cultural Ignacio Ram\u00edrez el Nigromante<\/a><\/strong>, organizada por la Direcci\u00f3n de Cultura y Tradiciones de San Miguel de Allende.<\/p><p class=\"wp-block-paragraph\">Durante la semana tuvimos la oportunidad de disfrutar del programa dentro del cual contaba con diversas actividades como presentaciones editoriales, m\u00fasica y tallares. As\u00ed como la participaci\u00f3n de m\u00e1s de 40 expositores de Editoriales y Librer\u00edas.<\/p><div class=\"wp-block-group\"><div class=\"wp-block-group__inner-container is-layout-constrained wp-block-group-is-layout-constrained\"><div class=\"wp-block-columns is-layout-flex wp-container-core-columns-is-layout-8f761849 wp-block-columns-is-layout-flex\"><div class=\"wp-block-column is-layout-flow wp-block-column-is-layout-flow\" style=\"flex-basis:100%\"><figure class=\"wp-block-gallery has-nested-images columns-3 is-cropped wp-block-gallery-1 is-layout-flex wp-block-gallery-is-layout-flex\"><figure class=\"wp-block-image size-large\"><img fetchpriority=\"high\" decoding=\"async\" width=\"820\" height=\"1024\" data-id=\"15915\" src=\"https:\/\/cataloniacomics.com\/wp-content\/uploads\/2025\/06\/portada-feria-del-libro-820x1024.jpg\" alt=\"\" class=\"wp-image-15915\" srcset=\"https:\/\/cataloniacomics.com\/wp-content\/uploads\/2025\/06\/portada-feria-del-libro-820x1024.jpg 820w, https:\/\/cataloniacomics.com\/wp-content\/uploads\/2025\/06\/portada-feria-del-libro-240x300.jpg 240w, https:\/\/cataloniacomics.com\/wp-content\/uploads\/2025\/06\/portada-feria-del-libro-768x959.jpg 768w, https:\/\/cataloniacomics.com\/wp-content\/uploads\/2025\/06\/portada-feria-del-libro-1230x1536.jpg 1230w, https:\/\/cataloniacomics.com\/wp-content\/uploads\/2025\/06\/portada-feria-del-libro-1640x2048.jpg 1640w, https:\/\/cataloniacomics.com\/wp-content\/uploads\/2025\/06\/portada-feria-del-libro-600x749.jpg 600w, https:\/\/cataloniacomics.com\/wp-content\/uploads\/2025\/06\/portada-feria-del-libro-43x54.jpg 43w\" sizes=\"(max-width: 820px) 100vw, 820px\" \/><\/figure>\n\n<figure class=\"wp-block-image size-large\"><img decoding=\"async\" width=\"820\" height=\"1024\" data-id=\"15911\" src=\"https:\/\/cataloniacomics.com\/wp-content\/uploads\/2025\/06\/1filsma-820x1024.jpg\" alt=\"\" class=\"wp-image-15911\" srcset=\"https:\/\/cataloniacomics.com\/wp-content\/uploads\/2025\/06\/1filsma-820x1024.jpg 820w, https:\/\/cataloniacomics.com\/wp-content\/uploads\/2025\/06\/1filsma-240x300.jpg 240w, https:\/\/cataloniacomics.com\/wp-content\/uploads\/2025\/06\/1filsma-768x959.jpg 768w, https:\/\/cataloniacomics.com\/wp-content\/uploads\/2025\/06\/1filsma-600x749.jpg 600w, https:\/\/cataloniacomics.com\/wp-content\/uploads\/2025\/06\/1filsma-43x54.jpg 43w, https:\/\/cataloniacomics.com\/wp-content\/uploads\/2025\/06\/1filsma.jpg 1081w\" sizes=\"(max-width: 820px) 100vw, 820px\" \/><\/figure>\n\n<figure class=\"wp-block-image size-large\"><img decoding=\"async\" width=\"820\" height=\"1024\" data-id=\"15910\" src=\"https:\/\/cataloniacomics.com\/wp-content\/uploads\/2025\/06\/2filsma-820x1024.jpg\" alt=\"\" class=\"wp-image-15910\" srcset=\"https:\/\/cataloniacomics.com\/wp-content\/uploads\/2025\/06\/2filsma-820x1024.jpg 820w, https:\/\/cataloniacomics.com\/wp-content\/uploads\/2025\/06\/2filsma-240x300.jpg 240w, https:\/\/cataloniacomics.com\/wp-content\/uploads\/2025\/06\/2filsma-768x959.jpg 768w, https:\/\/cataloniacomics.com\/wp-content\/uploads\/2025\/06\/2filsma-600x749.jpg 600w, https:\/\/cataloniacomics.com\/wp-content\/uploads\/2025\/06\/2filsma-43x54.jpg 43w, https:\/\/cataloniacomics.com\/wp-content\/uploads\/2025\/06\/2filsma.jpg 1081w\" sizes=\"(max-width: 820px) 100vw, 820px\" \/><\/figure>\n\n<figure class=\"wp-block-image size-large\"><img loading=\"lazy\" decoding=\"async\" width=\"820\" height=\"1024\" data-id=\"15914\" src=\"https:\/\/cataloniacomics.com\/wp-content\/uploads\/2025\/06\/3filsma-820x1024.jpg\" alt=\"\" class=\"wp-image-15914\" srcset=\"https:\/\/cataloniacomics.com\/wp-content\/uploads\/2025\/06\/3filsma-820x1024.jpg 820w, https:\/\/cataloniacomics.com\/wp-content\/uploads\/2025\/06\/3filsma-240x300.jpg 240w, https:\/\/cataloniacomics.com\/wp-content\/uploads\/2025\/06\/3filsma-768x959.jpg 768w, https:\/\/cataloniacomics.com\/wp-content\/uploads\/2025\/06\/3filsma-600x749.jpg 600w, https:\/\/cataloniacomics.com\/wp-content\/uploads\/2025\/06\/3filsma-43x54.jpg 43w, https:\/\/cataloniacomics.com\/wp-content\/uploads\/2025\/06\/3filsma.jpg 1081w\" sizes=\"(max-width: 820px) 100vw, 820px\" \/><\/figure>\n\n<figure class=\"wp-block-image size-large\"><img loading=\"lazy\" decoding=\"async\" width=\"820\" height=\"1024\" data-id=\"15912\" src=\"https:\/\/cataloniacomics.com\/wp-content\/uploads\/2025\/06\/4filsma-820x1024.jpg\" alt=\"\" class=\"wp-image-15912\" srcset=\"https:\/\/cataloniacomics.com\/wp-content\/uploads\/2025\/06\/4filsma-820x1024.jpg 820w, https:\/\/cataloniacomics.com\/wp-content\/uploads\/2025\/06\/4filsma-240x300.jpg 240w, https:\/\/cataloniacomics.com\/wp-content\/uploads\/2025\/06\/4filsma-768x959.jpg 768w, https:\/\/cataloniacomics.com\/wp-content\/uploads\/2025\/06\/4filsma-600x749.jpg 600w, https:\/\/cataloniacomics.com\/wp-content\/uploads\/2025\/06\/4filsma-43x54.jpg 43w, https:\/\/cataloniacomics.com\/wp-content\/uploads\/2025\/06\/4filsma.jpg 1081w\" sizes=\"(max-width: 820px) 100vw, 820px\" \/><\/figure>\n\n<figure class=\"wp-block-image size-large\"><img loading=\"lazy\" decoding=\"async\" width=\"820\" height=\"1024\" data-id=\"15913\" src=\"https:\/\/cataloniacomics.com\/wp-content\/uploads\/2025\/06\/5filsma-820x1024.jpg\" alt=\"\" class=\"wp-image-15913\" srcset=\"https:\/\/cataloniacomics.com\/wp-content\/uploads\/2025\/06\/5filsma-820x1024.jpg 820w, https:\/\/cataloniacomics.com\/wp-content\/uploads\/2025\/06\/5filsma-240x300.jpg 240w, https:\/\/cataloniacomics.com\/wp-content\/uploads\/2025\/06\/5filsma-768x959.jpg 768w, https:\/\/cataloniacomics.com\/wp-content\/uploads\/2025\/06\/5filsma-600x749.jpg 600w, https:\/\/cataloniacomics.com\/wp-content\/uploads\/2025\/06\/5filsma-43x54.jpg 43w, https:\/\/cataloniacomics.com\/wp-content\/uploads\/2025\/06\/5filsma.jpg 1081w\" sizes=\"(max-width: 820px) 100vw, 820px\" \/><\/figure>\n\n<figure class=\"wp-block-image size-large\"><img loading=\"lazy\" decoding=\"async\" width=\"820\" height=\"1024\" data-id=\"15908\" src=\"https:\/\/cataloniacomics.com\/wp-content\/uploads\/2025\/06\/6filsma-820x1024.jpg\" alt=\"\" class=\"wp-image-15908\" srcset=\"https:\/\/cataloniacomics.com\/wp-content\/uploads\/2025\/06\/6filsma-820x1024.jpg 820w, https:\/\/cataloniacomics.com\/wp-content\/uploads\/2025\/06\/6filsma-240x300.jpg 240w, https:\/\/cataloniacomics.com\/wp-content\/uploads\/2025\/06\/6filsma-768x959.jpg 768w, https:\/\/cataloniacomics.com\/wp-content\/uploads\/2025\/06\/6filsma-600x749.jpg 600w, https:\/\/cataloniacomics.com\/wp-content\/uploads\/2025\/06\/6filsma-43x54.jpg 43w, https:\/\/cataloniacomics.com\/wp-content\/uploads\/2025\/06\/6filsma.jpg 1081w\" sizes=\"(max-width: 820px) 100vw, 820px\" \/><\/figure>\n\n<figure class=\"wp-block-image size-large\"><img loading=\"lazy\" decoding=\"async\" width=\"820\" height=\"1024\" data-id=\"15909\" src=\"https:\/\/cataloniacomics.com\/wp-content\/uploads\/2025\/06\/7filsma-820x1024.jpg\" alt=\"\" class=\"wp-image-15909\" srcset=\"https:\/\/cataloniacomics.com\/wp-content\/uploads\/2025\/06\/7filsma-820x1024.jpg 820w, https:\/\/cataloniacomics.com\/wp-content\/uploads\/2025\/06\/7filsma-240x300.jpg 240w, https:\/\/cataloniacomics.com\/wp-content\/uploads\/2025\/06\/7filsma-768x959.jpg 768w, https:\/\/cataloniacomics.com\/wp-content\/uploads\/2025\/06\/7filsma-600x749.jpg 600w, https:\/\/cataloniacomics.com\/wp-content\/uploads\/2025\/06\/7filsma-43x54.jpg 43w, https:\/\/cataloniacomics.com\/wp-content\/uploads\/2025\/06\/7filsma.jpg 1081w\" sizes=\"(max-width: 820px) 100vw, 820px\" \/><\/figure><\/figure><\/div><\/div><\/div><\/div><p class=\"wp-block-paragraph\">El recinto que nos albergo durante la FILSMA es precioso, los san miguelenses lo llama simplemente <strong>Bellas Artes<\/strong>, el <a href=\"https:\/\/elnigromante.inba.gob.mx\/\">Centro Cultural Ignacio Ram\u00edrez el Nigromante<\/a> es  un Convento remodelado del siglo XVIII, que en la actualidad cuenta  con exposiciones de arte, clases, estudios, un patio y una cafeter\u00eda, es protegido por\u00a0el Instituto Nacional de Bellas Artes y Literatura (INBAL) y la Subdirecci\u00f3n General de Educaci\u00f3n e Investigaci\u00f3n Art\u00edsticas (SGEIA).<\/p><p class=\"wp-block-paragraph\">Les compartimos algunos de los momentos que vivimos durante la FILSMA.<\/p><figure class=\"wp-block-gallery has-nested-images columns-default is-cropped wp-block-gallery-2 is-layout-flex wp-block-gallery-is-layout-flex\"><figure class=\"wp-block-image size-large\"><img loading=\"lazy\" decoding=\"async\" width=\"1024\" height=\"768\" data-id=\"15924\" src=\"https:\/\/cataloniacomics.com\/wp-content\/uploads\/2025\/06\/IMG_43391-1024x768.jpg\" alt=\"\" class=\"wp-image-15924\" srcset=\"https:\/\/cataloniacomics.com\/wp-content\/uploads\/2025\/06\/IMG_43391-1024x768.jpg 1024w, https:\/\/cataloniacomics.com\/wp-content\/uploads\/2025\/06\/IMG_43391-300x225.jpg 300w, https:\/\/cataloniacomics.com\/wp-content\/uploads\/2025\/06\/IMG_43391-768x576.jpg 768w, https:\/\/cataloniacomics.com\/wp-content\/uploads\/2025\/06\/IMG_43391-1536x1152.jpg 1536w, https:\/\/cataloniacomics.com\/wp-content\/uploads\/2025\/06\/IMG_43391-2048x1536.jpg 2048w, https:\/\/cataloniacomics.com\/wp-content\/uploads\/2025\/06\/IMG_43391-600x450.jpg 600w, https:\/\/cataloniacomics.com\/wp-content\/uploads\/2025\/06\/IMG_43391-72x54.jpg 72w\" sizes=\"(max-width: 1024px) 100vw, 1024px\" \/><\/figure>\n\n<figure class=\"wp-block-image size-large\"><img loading=\"lazy\" decoding=\"async\" width=\"1024\" height=\"576\" data-id=\"15922\" src=\"https:\/\/cataloniacomics.com\/wp-content\/uploads\/2025\/06\/SLGI28121-1-1024x576.jpg\" alt=\"\" class=\"wp-image-15922\" srcset=\"https:\/\/cataloniacomics.com\/wp-content\/uploads\/2025\/06\/SLGI28121-1-1024x576.jpg 1024w, https:\/\/cataloniacomics.com\/wp-content\/uploads\/2025\/06\/SLGI28121-1-300x169.jpg 300w, https:\/\/cataloniacomics.com\/wp-content\/uploads\/2025\/06\/SLGI28121-1-768x432.jpg 768w, https:\/\/cataloniacomics.com\/wp-content\/uploads\/2025\/06\/SLGI28121-1-1536x864.jpg 1536w, https:\/\/cataloniacomics.com\/wp-content\/uploads\/2025\/06\/SLGI28121-1-2048x1152.jpg 2048w, https:\/\/cataloniacomics.com\/wp-content\/uploads\/2025\/06\/SLGI28121-1-600x338.jpg 600w, https:\/\/cataloniacomics.com\/wp-content\/uploads\/2025\/06\/SLGI28121-1-90x51.jpg 90w\" sizes=\"(max-width: 1024px) 100vw, 1024px\" \/><\/figure><\/figure><figure class=\"wp-block-gallery has-nested-images columns-default is-cropped wp-block-gallery-3 is-layout-flex wp-block-gallery-is-layout-flex\"><figure class=\"wp-block-image size-large\"><img loading=\"lazy\" decoding=\"async\" width=\"1024\" height=\"768\" data-id=\"15919\" src=\"https:\/\/cataloniacomics.com\/wp-content\/uploads\/2025\/06\/IMG_45671-1-1024x768.jpg\" alt=\"\" class=\"wp-image-15919\" srcset=\"https:\/\/cataloniacomics.com\/wp-content\/uploads\/2025\/06\/IMG_45671-1-1024x768.jpg 1024w, https:\/\/cataloniacomics.com\/wp-content\/uploads\/2025\/06\/IMG_45671-1-300x225.jpg 300w, https:\/\/cataloniacomics.com\/wp-content\/uploads\/2025\/06\/IMG_45671-1-768x576.jpg 768w, https:\/\/cataloniacomics.com\/wp-content\/uploads\/2025\/06\/IMG_45671-1-1536x1152.jpg 1536w, https:\/\/cataloniacomics.com\/wp-content\/uploads\/2025\/06\/IMG_45671-1-2048x1536.jpg 2048w, https:\/\/cataloniacomics.com\/wp-content\/uploads\/2025\/06\/IMG_45671-1-600x450.jpg 600w, https:\/\/cataloniacomics.com\/wp-content\/uploads\/2025\/06\/IMG_45671-1-72x54.jpg 72w\" sizes=\"(max-width: 1024px) 100vw, 1024px\" \/><\/figure>\n\n<figure class=\"wp-block-image size-large\"><img loading=\"lazy\" decoding=\"async\" width=\"1024\" height=\"768\" data-id=\"15918\" src=\"https:\/\/cataloniacomics.com\/wp-content\/uploads\/2025\/06\/IMG_45711-1-1024x768.jpg\" alt=\"\" class=\"wp-image-15918\" srcset=\"https:\/\/cataloniacomics.com\/wp-content\/uploads\/2025\/06\/IMG_45711-1-1024x768.jpg 1024w, https:\/\/cataloniacomics.com\/wp-content\/uploads\/2025\/06\/IMG_45711-1-300x225.jpg 300w, https:\/\/cataloniacomics.com\/wp-content\/uploads\/2025\/06\/IMG_45711-1-768x576.jpg 768w, https:\/\/cataloniacomics.com\/wp-content\/uploads\/2025\/06\/IMG_45711-1-1536x1152.jpg 1536w, https:\/\/cataloniacomics.com\/wp-content\/uploads\/2025\/06\/IMG_45711-1-2048x1536.jpg 2048w, https:\/\/cataloniacomics.com\/wp-content\/uploads\/2025\/06\/IMG_45711-1-600x450.jpg 600w, https:\/\/cataloniacomics.com\/wp-content\/uploads\/2025\/06\/IMG_45711-1-72x54.jpg 72w\" sizes=\"(max-width: 1024px) 100vw, 1024px\" \/><\/figure><\/figure><figure class=\"wp-block-gallery has-nested-images columns-default is-cropped wp-block-gallery-4 is-layout-flex wp-block-gallery-is-layout-flex\"><figure class=\"wp-block-image size-large\"><img loading=\"lazy\" decoding=\"async\" width=\"1024\" height=\"772\" data-id=\"15925\" src=\"https:\/\/cataloniacomics.com\/wp-content\/uploads\/2025\/06\/KHEA46191-1024x772.jpg\" alt=\"\" class=\"wp-image-15925\" srcset=\"https:\/\/cataloniacomics.com\/wp-content\/uploads\/2025\/06\/KHEA46191-1024x772.jpg 1024w, https:\/\/cataloniacomics.com\/wp-content\/uploads\/2025\/06\/KHEA46191-300x226.jpg 300w, https:\/\/cataloniacomics.com\/wp-content\/uploads\/2025\/06\/KHEA46191-768x579.jpg 768w, https:\/\/cataloniacomics.com\/wp-content\/uploads\/2025\/06\/KHEA46191-600x452.jpg 600w, https:\/\/cataloniacomics.com\/wp-content\/uploads\/2025\/06\/KHEA46191-72x54.jpg 72w, https:\/\/cataloniacomics.com\/wp-content\/uploads\/2025\/06\/KHEA46191.jpg 1440w\" sizes=\"(max-width: 1024px) 100vw, 1024px\" \/><\/figure>\n\n<figure class=\"wp-block-image size-large\"><img loading=\"lazy\" decoding=\"async\" width=\"1024\" height=\"576\" data-id=\"15926\" src=\"https:\/\/cataloniacomics.com\/wp-content\/uploads\/2025\/06\/NQGK92981-1024x576.jpg\" alt=\"\" class=\"wp-image-15926\" srcset=\"https:\/\/cataloniacomics.com\/wp-content\/uploads\/2025\/06\/NQGK92981-1024x576.jpg 1024w, https:\/\/cataloniacomics.com\/wp-content\/uploads\/2025\/06\/NQGK92981-300x169.jpg 300w, https:\/\/cataloniacomics.com\/wp-content\/uploads\/2025\/06\/NQGK92981-768x432.jpg 768w, https:\/\/cataloniacomics.com\/wp-content\/uploads\/2025\/06\/NQGK92981-1536x864.jpg 1536w, https:\/\/cataloniacomics.com\/wp-content\/uploads\/2025\/06\/NQGK92981-2048x1152.jpg 2048w, https:\/\/cataloniacomics.com\/wp-content\/uploads\/2025\/06\/NQGK92981-600x338.jpg 600w, https:\/\/cataloniacomics.com\/wp-content\/uploads\/2025\/06\/NQGK92981-90x51.jpg 90w\" sizes=\"(max-width: 1024px) 100vw, 1024px\" \/><\/figure><\/figure><p class=\"wp-block-paragraph\">Agradecemos ampliamente el habernos invitado a participar, y hacernos sentir como en casa. <\/p><p class=\"wp-block-paragraph\">\u00a1Esperamos vernos nuevamente! y recuerda <strong>#LaVidaEsParaLeerse<\/strong><\/p><p class=\"wp-block-paragraph\"><\/p>","protected":false},"excerpt":{"rendered":"<p>La Feria Internacional del Libro de San Miguel de Allende se llevo acabo del 2 al 8 de junio del 2025 dentro de las instalaciones de el Centro Cultural Ignacio Ram\u00edrez el Nigromante, organizada por la Direcci\u00f3n de Cultura y Tradiciones de San Miguel de Allende. Durante la semana tuvimos la oportunidad de disfrutar del<\/p>\n<div class=\"klb-readmore entry-button\"><a class=\"btn read-more\" href=\"https:\/\/cataloniacomics.com\/?p=15906\">Leer m\u00e1s<\/a><\/div>\n","protected":false},"author":1,"featured_media":15907,"comment_status":"closed","ping_status":"closed","sticky":false,"template":"","format":"standard","meta":{"footnotes":""},"categories":[1],"tags":[422],"class_list":["post-15906","post","type-post","status-publish","format-standard","has-post-thumbnail","hentry","category-noti","tag-eventos"],"_links":{"self":[{"href":"https:\/\/cataloniacomics.com\/index.php?rest_route=\/wp\/v2\/posts\/15906","targetHints":{"allow":["GET"]}}],"collection":[{"href":"https:\/\/cataloniacomics.com\/index.php?rest_route=\/wp\/v2\/posts"}],"about":[{"href":"https:\/\/cataloniacomics.com\/index.php?rest_route=\/wp\/v2\/types\/post"}],"author":[{"embeddable":true,"href":"https:\/\/cataloniacomics.com\/index.php?rest_route=\/wp\/v2\/users\/1"}],"replies":[{"embeddable":true,"href":"https:\/\/cataloniacomics.com\/index.php?rest_route=%2Fwp%2Fv2%2Fcomments&post=15906"}],"version-history":[{"count":0,"href":"https:\/\/cataloniacomics.com\/index.php?rest_route=\/wp\/v2\/posts\/15906\/revisions"}],"wp:featuredmedia":[{"embeddable":true,"href":"https:\/\/cataloniacomics.com\/index.php?rest_route=\/wp\/v2\/media\/15907"}],"wp:attachment":[{"href":"https:\/\/cataloniacomics.com\/index.php?rest_route=%2Fwp%2Fv2%2Fmedia&parent=15906"}],"wp:term":[{"taxonomy":"category","embeddable":true,"href":"https:\/\/cataloniacomics.com\/index.php?rest_route=%2Fwp%2Fv2%2Fcategories&post=15906"},{"taxonomy":"post_tag","embeddable":true,"href":"https:\/\/cataloniacomics.com\/index.php?rest_route=%2Fwp%2Fv2%2Ftags&post=15906"}],"curies":[{"name":"wp","href":"https:\/\/api.w.org\/{rel}","templated":true}]}}